{"id":434,"date":"2023-05-09T10:18:00","date_gmt":"2023-05-09T08:18:00","guid":{"rendered":"https:\/\/demo.apidata.fr\/?p=434"},"modified":"2024-06-17T11:45:46","modified_gmt":"2024-06-17T09:45:46","slug":"pour-la-souverainete-des-entreprises-dans-le-cloud","status":"publish","type":"post","link":"https:\/\/www.apidata.fr\/index.php\/pour-la-souverainete-des-entreprises-dans-le-cloud\/","title":{"rendered":"Pour la souverainet\u00e9 des entreprises dans le Cloud"},"content":{"rendered":"\n<p><mark style=\"background-color:rgba(0, 0, 0, 0)\" class=\"has-inline-color has-black-color\">\u00c0 l\u2019heure o\u00f9 l\u2019on parle de plus en plus souvent de Cloud souverain, Michel Ramos, cofondateur d\u2019Apidata, pr\u00e9f\u00e8re d\u00e9fendre la souverainet\u00e9 num\u00e9rique des entreprises dans le Cloud. Convaincu que les soci\u00e9t\u00e9s d\u2019assurance doivent garder la main sur l\u2019h\u00e9bergement et l\u2019administration de leurs donn\u00e9es, il explique pourquoi et comment y parvenir.<\/mark><\/p>\n\n\n\n<p><em>\u00ab La souverainet\u00e9 du Cloud est devenue une notion politique qui renvoie \u00e0 des strat\u00e9gies \u00e9tatiques \u00bb<\/em>, explique Michel Ramos, cofondateur et directeur technique d\u2019Apidata. <em>\u00ab Je pr\u00e9f\u00e8re donc parler de souverainet\u00e9 des donn\u00e9es, de leur h\u00e9bergement et de leur administration. Donc de souverainet\u00e9 des entreprises dans le Cloud \u00bb<\/em>, insiste-t-il. Car aller sur le Cloud n\u2019est plus une option. Mais cela ne doit pas se faire au d\u00e9triment de la s\u00e9curit\u00e9 des donn\u00e9es et de la ma\u00eetrise des co\u00fbts d\u2019h\u00e9bergement.<\/p>\n\n\n\n<h2 class=\"wp-block-heading\">Un h\u00e9bergement <strong>cloisonn\u00e9<\/strong><\/h2>\n\n\n\n<p>La s\u00e9curit\u00e9 repose, en premier lieu, sur le cantonnement des donn\u00e9es dans des infrastructures cloisonn\u00e9es de fa\u00e7on \u00e9tanche : <em>\u00ab En tant que gestionnaire de Middle Office, nous devons garantir que personne ne peut aller sur nos serveurs pour consulter, supprimer, copier ou manipuler nos bases de donn\u00e9es \u00bb<\/em>, explique Michel Ramos. Or, lorsque les infrastructures sont partag\u00e9es, la s\u00e9curit\u00e9 des donn\u00e9es ne peut pas \u00eatre garantie. Pour Michel Ramos, il est donc fondamental que les soci\u00e9t\u00e9s d\u2019assurance conservent une ma\u00eetrise totale de leurs infrastructures et de leur pilotage.<\/p>\n\n\n\n<h2 class=\"wp-block-heading\">Des co\u00fbts et un impact carbone <strong>ma\u00eetris\u00e9s<\/strong><\/h2>\n\n\n\n<p>La gestion des prestations de sant\u00e9 et de pr\u00e9voyance repose sur d\u2019importantes masses de donn\u00e9es. Elle requiert donc de la puissance de calcul et des infrastructures solides, mais parfois d\u00e9mesur\u00e9es bien qu\u2019\u00e9nergivores. \u00ab&nbsp;<em>\u00c0 quoi bon se lancer dans une d\u00e9bauche de moyens alors qu\u2019il est possible d\u2019ajuster la puissance mise en \u0153uvre aux v\u00e9ritables besoins de l\u2019entreprise ?&nbsp;\u00bb<\/em>, observe Michel Ramos. Rappelons que l\u2019empreinte carbone du num\u00e9rique repr\u00e9sente d\u00e9j\u00e0 3 \u00e0 4% des \u00e9missions mondiales de gaz \u00e0 effet de serre et devrait doubler d\u2019ici \u00e0 2040.<\/p>\n\n\n\n<p>La souverainet\u00e9 num\u00e9rique repose sur la s\u00e9curit\u00e9, la responsabilit\u00e9 mais aussi la transparence, notamment en termes de politique de facturation. \u00ab<em>&nbsp;Les \u00e9quations de calcul tarifaire de certains fournisseurs de Cloud comportent tant de param\u00e8tres et de variables qu\u2019il est impossible de conna\u00eetre a priori le co\u00fbt r\u00e9ellement factur\u00e9 chaque mois&nbsp;\u00bb, <\/em>commente Michel Ramos.<\/p>\n\n\n\n<h2 class=\"wp-block-heading\"><strong>Clart\u00e9<\/strong> sur la r\u00e9versibilit\u00e9<\/h2>\n\n\n\n<p>La transparence, c\u2019est aussi une ouverture totale sur les technologies utilis\u00e9es : <em>\u00ab Chez <a href=\"https:\/\/www.apidata.fr\/\" target=\"_blank\" rel=\"noreferrer noopener\">Apidata<\/a>, nous remettons \u00e0 nos clients un sch\u00e9ma complet des infrastructures, des outils mis en \u0153uvre et de la fa\u00e7on dont nous h\u00e9bergeons et administrons leurs donn\u00e9es \u00bb<\/em>, d\u00e9taille Michel Ramos. Cette information est cruciale le jour o\u00f9 une entreprise d\u00e9cide de quitter le Cloud ou de changer d\u2019op\u00e9rateur. Une telle d\u00e9cision est tr\u00e8s difficile \u00e0 prendre avec les grands op\u00e9rateurs du Cloud, m\u00eame lorsque les co\u00fbts d\u2019h\u00e9bergement sont per\u00e7us comme prohibitifs et impr\u00e9visibles : <em>\u00ab Leurs clauses de r\u00e9versibilit\u00e9 sont aussi opaques que leurs pratiques de facturation et leurs sch\u00e9mas d\u2019h\u00e9bergement et d\u2019administration des donn\u00e9es \u00bb<\/em>, sourit Michel Ramos. Il met les soci\u00e9t\u00e9s d\u2019assurance en garde :<\/p>\n\n\n\n<blockquote class=\"wp-block-quote is-layout-flow wp-block-quote-is-layout-flow\">\n<p><em>\u00ab Cette d\u00e9pendance \u00e0 l\u2019\u00e9gard de votre op\u00e9rateur de Cloud vous fait perdre la ma\u00eetrise de votre syst\u00e8me d\u2019information. \u00bb<\/em><\/p>\n<\/blockquote>\n\n\n\n<h2 class=\"wp-block-heading\">Un middle office <strong>souverain<\/strong><\/h2>\n\n\n\n<p>Il le dit d\u2019autant plus facilement que le Cloud n\u2019est pas son c\u0153ur de m\u00e9tier : Apidata est un <a href=\"https:\/\/www.apidata.fr\/index.php\/nos-services\/\" target=\"_blank\" rel=\"noreferrer noopener\">op\u00e9rateur de Middle Office<\/a> qui accompagne les diff\u00e9rentes fonctions r\u00e9glementaires et techniques des assureurs sant\u00e9\/pr\u00e9voyance.<\/p>\n\n\n\n<blockquote class=\"wp-block-quote is-layout-flow wp-block-quote-is-layout-flow\">\n<p><em>\u00ab Nous travaillons avec des op\u00e9rateurs fran\u00e7ais de Cloud avec lesquels nous pouvons mettre en \u0153uvre cette vision de la souverainet\u00e9. Cela nous semble d\u2019autant plus crucial que le middle office est le c\u0153ur nucl\u00e9aire d\u2019un assureur ! \u00bb<\/em><\/p>\n<\/blockquote>\n\n\n\n<p>Il m\u00e9rite donc tout particuli\u00e8rement d\u2019\u00eatre s\u00e9curis\u00e9\u2026<\/p>\n\n\n\n<p>Retrouvez l&rsquo;article sur le site de <a href=\"https:\/\/www.argusdelassurance.com\/transformation-digitale-assurances\/pour-la-souverainete-des-entreprises-dans-le-cloud.217591\" target=\"_blank\" rel=\"noreferrer noopener\">L&rsquo;Argus de l&rsquo;assurance<\/a><\/p>\n","protected":false},"excerpt":{"rendered":"<p>\u00c0 l\u2019heure o\u00f9 l\u2019on parle de plus en plus souvent de Cloud souverain, Michel Ramos, cofondateur d\u2019Apidata, pr\u00e9f\u00e8re d\u00e9fendre la souverainet\u00e9 num\u00e9rique des entreprises dans le Cloud. Convaincu que les soci\u00e9t\u00e9s d\u2019assurance doivent garder la main sur l\u2019h\u00e9bergement et l\u2019administration de leurs donn\u00e9es, il explique pourquoi et comment y parvenir. \u00ab La souverainet\u00e9 du Cloud [&hellip;]<\/p>\n","protected":false},"author":1,"featured_media":1579,"comment_status":"closed","ping_status":"closed","sticky":false,"template":"","format":"standard","meta":{"footnotes":""},"categories":[6],"tags":[],"yoast_head":"<!-- This site is optimized with the Yoast SEO plugin v22.7 - https:\/\/yoast.com\/wordpress\/plugins\/seo\/ -->\n<title>Pour la souverainet\u00e9 des entreprises dans le Cloud - Apidata<\/title>\n<meta name=\"description\" content=\"La souverainet\u00e9 des entreprises dans le cloud est la cl\u00e9 pour garder la main sur l&#039;h\u00e9bergement et l&#039;administration des donn\u00e9es d&#039;assurance.\" \/>\n<meta name=\"robots\" content=\"index, follow, max-snippet:-1, max-image-preview:large, max-video-preview:-1\" \/>\n<link rel=\"canonical\" href=\"https:\/\/www.apidata.fr\/index.php\/pour-la-souverainete-des-entreprises-dans-le-cloud\/\" \/>\n<meta property=\"og:locale\" content=\"fr_FR\" \/>\n<meta property=\"og:type\" content=\"article\" \/>\n<meta property=\"og:title\" content=\"Pour la souverainet\u00e9 des entreprises dans le Cloud - Apidata\" \/>\n<meta property=\"og:description\" content=\"La souverainet\u00e9 des entreprises dans le cloud est la cl\u00e9 pour garder la main sur l&#039;h\u00e9bergement et l&#039;administration des donn\u00e9es d&#039;assurance.\" \/>\n<meta property=\"og:url\" content=\"https:\/\/www.apidata.fr\/index.php\/pour-la-souverainete-des-entreprises-dans-le-cloud\/\" \/>\n<meta property=\"og:site_name\" content=\"Apidata\" \/>\n<meta property=\"article:published_time\" content=\"2023-05-09T08:18:00+00:00\" \/>\n<meta property=\"article:modified_time\" content=\"2024-06-17T09:45:46+00:00\" \/>\n<meta property=\"og:image\" content=\"https:\/\/www.apidata.fr\/wp-content\/uploads\/2024\/05\/Article-2.webp\" \/>\n\t<meta property=\"og:image:width\" content=\"896\" \/>\n\t<meta property=\"og:image:height\" content=\"598\" \/>\n\t<meta property=\"og:image:type\" content=\"image\/webp\" \/>\n<meta name=\"author\" content=\"admin\" \/>\n<meta name=\"twitter:card\" content=\"summary_large_image\" \/>\n<meta name=\"twitter:label1\" content=\"\u00c9crit par\" \/>\n\t<meta name=\"twitter:data1\" content=\"admin\" \/>\n\t<meta name=\"twitter:label2\" content=\"Dur\u00e9e de lecture estim\u00e9e\" \/>\n\t<meta name=\"twitter:data2\" content=\"3 minutes\" \/>\n<script type=\"application\/ld+json\" class=\"yoast-schema-graph\">{\"@context\":\"https:\/\/schema.org\",\"@graph\":[{\"@type\":\"Article\",\"@id\":\"https:\/\/www.apidata.fr\/index.php\/pour-la-souverainete-des-entreprises-dans-le-cloud\/#article\",\"isPartOf\":{\"@id\":\"https:\/\/www.apidata.fr\/index.php\/pour-la-souverainete-des-entreprises-dans-le-cloud\/\"},\"author\":{\"name\":\"admin\",\"@id\":\"https:\/\/www.apidata.fr\/#\/schema\/person\/b558049cdfb36538d200d7e975c8b787\"},\"headline\":\"Pour la souverainet\u00e9 des entreprises dans le Cloud\",\"datePublished\":\"2023-05-09T08:18:00+00:00\",\"dateModified\":\"2024-06-17T09:45:46+00:00\",\"mainEntityOfPage\":{\"@id\":\"https:\/\/www.apidata.fr\/index.php\/pour-la-souverainete-des-entreprises-dans-le-cloud\/\"},\"wordCount\":709,\"publisher\":{\"@id\":\"https:\/\/www.apidata.fr\/#organization\"},\"image\":{\"@id\":\"https:\/\/www.apidata.fr\/index.php\/pour-la-souverainete-des-entreprises-dans-le-cloud\/#primaryimage\"},\"thumbnailUrl\":\"https:\/\/www.apidata.fr\/wp-content\/uploads\/2024\/05\/Article-2.webp\",\"articleSection\":[\"PRESSE\"],\"inLanguage\":\"fr-FR\"},{\"@type\":\"WebPage\",\"@id\":\"https:\/\/www.apidata.fr\/index.php\/pour-la-souverainete-des-entreprises-dans-le-cloud\/\",\"url\":\"https:\/\/www.apidata.fr\/index.php\/pour-la-souverainete-des-entreprises-dans-le-cloud\/\",\"name\":\"Pour la souverainet\u00e9 des entreprises dans le Cloud - Apidata\",\"isPartOf\":{\"@id\":\"https:\/\/www.apidata.fr\/#website\"},\"primaryImageOfPage\":{\"@id\":\"https:\/\/www.apidata.fr\/index.php\/pour-la-souverainete-des-entreprises-dans-le-cloud\/#primaryimage\"},\"image\":{\"@id\":\"https:\/\/www.apidata.fr\/index.php\/pour-la-souverainete-des-entreprises-dans-le-cloud\/#primaryimage\"},\"thumbnailUrl\":\"https:\/\/www.apidata.fr\/wp-content\/uploads\/2024\/05\/Article-2.webp\",\"datePublished\":\"2023-05-09T08:18:00+00:00\",\"dateModified\":\"2024-06-17T09:45:46+00:00\",\"description\":\"La souverainet\u00e9 des entreprises dans le cloud est la cl\u00e9 pour garder la main sur l'h\u00e9bergement et l'administration des donn\u00e9es d'assurance.\",\"breadcrumb\":{\"@id\":\"https:\/\/www.apidata.fr\/index.php\/pour-la-souverainete-des-entreprises-dans-le-cloud\/#breadcrumb\"},\"inLanguage\":\"fr-FR\",\"potentialAction\":[{\"@type\":\"ReadAction\",\"target\":[\"https:\/\/www.apidata.fr\/index.php\/pour-la-souverainete-des-entreprises-dans-le-cloud\/\"]}]},{\"@type\":\"ImageObject\",\"inLanguage\":\"fr-FR\",\"@id\":\"https:\/\/www.apidata.fr\/index.php\/pour-la-souverainete-des-entreprises-dans-le-cloud\/#primaryimage\",\"url\":\"https:\/\/www.apidata.fr\/wp-content\/uploads\/2024\/05\/Article-2.webp\",\"contentUrl\":\"https:\/\/www.apidata.fr\/wp-content\/uploads\/2024\/05\/Article-2.webp\",\"width\":896,\"height\":598,\"caption\":\"Pour la souverainet\u00e9 des entreprises dans le Cloud\"},{\"@type\":\"BreadcrumbList\",\"@id\":\"https:\/\/www.apidata.fr\/index.php\/pour-la-souverainete-des-entreprises-dans-le-cloud\/#breadcrumb\",\"itemListElement\":[{\"@type\":\"ListItem\",\"position\":1,\"name\":\"Accueil\",\"item\":\"https:\/\/www.apidata.fr\/\"},{\"@type\":\"ListItem\",\"position\":2,\"name\":\"Pour la souverainet\u00e9 des entreprises dans le Cloud\"}]},{\"@type\":\"WebSite\",\"@id\":\"https:\/\/www.apidata.fr\/#website\",\"url\":\"https:\/\/www.apidata.fr\/\",\"name\":\"Apidata\",\"description\":\"\",\"publisher\":{\"@id\":\"https:\/\/www.apidata.fr\/#organization\"},\"potentialAction\":[{\"@type\":\"SearchAction\",\"target\":{\"@type\":\"EntryPoint\",\"urlTemplate\":\"https:\/\/www.apidata.fr\/?s={search_term_string}\"},\"query-input\":\"required name=search_term_string\"}],\"inLanguage\":\"fr-FR\"},{\"@type\":\"Organization\",\"@id\":\"https:\/\/www.apidata.fr\/#organization\",\"name\":\"Apidata\",\"url\":\"https:\/\/www.apidata.fr\/\",\"logo\":{\"@type\":\"ImageObject\",\"inLanguage\":\"fr-FR\",\"@id\":\"https:\/\/www.apidata.fr\/#\/schema\/logo\/image\/\",\"url\":\"https:\/\/www.apidata.fr\/wp-content\/uploads\/2024\/04\/cropped-image-2-1.png\",\"contentUrl\":\"https:\/\/www.apidata.fr\/wp-content\/uploads\/2024\/04\/cropped-image-2-1.png\",\"width\":1040,\"height\":172,\"caption\":\"Apidata\"},\"image\":{\"@id\":\"https:\/\/www.apidata.fr\/#\/schema\/logo\/image\/\"}},{\"@type\":\"Person\",\"@id\":\"https:\/\/www.apidata.fr\/#\/schema\/person\/b558049cdfb36538d200d7e975c8b787\",\"name\":\"admin\",\"image\":{\"@type\":\"ImageObject\",\"inLanguage\":\"fr-FR\",\"@id\":\"https:\/\/www.apidata.fr\/#\/schema\/person\/image\/\",\"url\":\"https:\/\/secure.gravatar.com\/avatar\/b024504afcbc7faa8b140babf09f4c1b?s=96&d=mm&r=g\",\"contentUrl\":\"https:\/\/secure.gravatar.com\/avatar\/b024504afcbc7faa8b140babf09f4c1b?s=96&d=mm&r=g\",\"caption\":\"admin\"},\"sameAs\":[\"http:\/\/10.1.10.27\/wordpress\"],\"url\":\"https:\/\/www.apidata.fr\/index.php\/author\/admin\/\"}]}<\/script>\n<!-- \/ Yoast SEO plugin. -->","yoast_head_json":{"title":"Pour la souverainet\u00e9 des entreprises dans le Cloud - Apidata","description":"La souverainet\u00e9 des entreprises dans le cloud est la cl\u00e9 pour garder la main sur l'h\u00e9bergement et l'administration des donn\u00e9es d'assurance.","robots":{"index":"index","follow":"follow","max-snippet":"max-snippet:-1","max-image-preview":"max-image-preview:large","max-video-preview":"max-video-preview:-1"},"canonical":"https:\/\/www.apidata.fr\/index.php\/pour-la-souverainete-des-entreprises-dans-le-cloud\/","og_locale":"fr_FR","og_type":"article","og_title":"Pour la souverainet\u00e9 des entreprises dans le Cloud - Apidata","og_description":"La souverainet\u00e9 des entreprises dans le cloud est la cl\u00e9 pour garder la main sur l'h\u00e9bergement et l'administration des donn\u00e9es d'assurance.","og_url":"https:\/\/www.apidata.fr\/index.php\/pour-la-souverainete-des-entreprises-dans-le-cloud\/","og_site_name":"Apidata","article_published_time":"2023-05-09T08:18:00+00:00","article_modified_time":"2024-06-17T09:45:46+00:00","og_image":[{"width":896,"height":598,"url":"https:\/\/www.apidata.fr\/wp-content\/uploads\/2024\/05\/Article-2.webp","type":"image\/webp"}],"author":"admin","twitter_card":"summary_large_image","twitter_misc":{"\u00c9crit par":"admin","Dur\u00e9e de lecture estim\u00e9e":"3 minutes"},"schema":{"@context":"https:\/\/schema.org","@graph":[{"@type":"Article","@id":"https:\/\/www.apidata.fr\/index.php\/pour-la-souverainete-des-entreprises-dans-le-cloud\/#article","isPartOf":{"@id":"https:\/\/www.apidata.fr\/index.php\/pour-la-souverainete-des-entreprises-dans-le-cloud\/"},"author":{"name":"admin","@id":"https:\/\/www.apidata.fr\/#\/schema\/person\/b558049cdfb36538d200d7e975c8b787"},"headline":"Pour la souverainet\u00e9 des entreprises dans le Cloud","datePublished":"2023-05-09T08:18:00+00:00","dateModified":"2024-06-17T09:45:46+00:00","mainEntityOfPage":{"@id":"https:\/\/www.apidata.fr\/index.php\/pour-la-souverainete-des-entreprises-dans-le-cloud\/"},"wordCount":709,"publisher":{"@id":"https:\/\/www.apidata.fr\/#organization"},"image":{"@id":"https:\/\/www.apidata.fr\/index.php\/pour-la-souverainete-des-entreprises-dans-le-cloud\/#primaryimage"},"thumbnailUrl":"https:\/\/www.apidata.fr\/wp-content\/uploads\/2024\/05\/Article-2.webp","articleSection":["PRESSE"],"inLanguage":"fr-FR"},{"@type":"WebPage","@id":"https:\/\/www.apidata.fr\/index.php\/pour-la-souverainete-des-entreprises-dans-le-cloud\/","url":"https:\/\/www.apidata.fr\/index.php\/pour-la-souverainete-des-entreprises-dans-le-cloud\/","name":"Pour la souverainet\u00e9 des entreprises dans le Cloud - Apidata","isPartOf":{"@id":"https:\/\/www.apidata.fr\/#website"},"primaryImageOfPage":{"@id":"https:\/\/www.apidata.fr\/index.php\/pour-la-souverainete-des-entreprises-dans-le-cloud\/#primaryimage"},"image":{"@id":"https:\/\/www.apidata.fr\/index.php\/pour-la-souverainete-des-entreprises-dans-le-cloud\/#primaryimage"},"thumbnailUrl":"https:\/\/www.apidata.fr\/wp-content\/uploads\/2024\/05\/Article-2.webp","datePublished":"2023-05-09T08:18:00+00:00","dateModified":"2024-06-17T09:45:46+00:00","description":"La souverainet\u00e9 des entreprises dans le cloud est la cl\u00e9 pour garder la main sur l'h\u00e9bergement et l'administration des donn\u00e9es d'assurance.","breadcrumb":{"@id":"https:\/\/www.apidata.fr\/index.php\/pour-la-souverainete-des-entreprises-dans-le-cloud\/#breadcrumb"},"inLanguage":"fr-FR","potentialAction":[{"@type":"ReadAction","target":["https:\/\/www.apidata.fr\/index.php\/pour-la-souverainete-des-entreprises-dans-le-cloud\/"]}]},{"@type":"ImageObject","inLanguage":"fr-FR","@id":"https:\/\/www.apidata.fr\/index.php\/pour-la-souverainete-des-entreprises-dans-le-cloud\/#primaryimage","url":"https:\/\/www.apidata.fr\/wp-content\/uploads\/2024\/05\/Article-2.webp","contentUrl":"https:\/\/www.apidata.fr\/wp-content\/uploads\/2024\/05\/Article-2.webp","width":896,"height":598,"caption":"Pour la souverainet\u00e9 des entreprises dans le Cloud"},{"@type":"BreadcrumbList","@id":"https:\/\/www.apidata.fr\/index.php\/pour-la-souverainete-des-entreprises-dans-le-cloud\/#breadcrumb","itemListElement":[{"@type":"ListItem","position":1,"name":"Accueil","item":"https:\/\/www.apidata.fr\/"},{"@type":"ListItem","position":2,"name":"Pour la souverainet\u00e9 des entreprises dans le Cloud"}]},{"@type":"WebSite","@id":"https:\/\/www.apidata.fr\/#website","url":"https:\/\/www.apidata.fr\/","name":"Apidata","description":"","publisher":{"@id":"https:\/\/www.apidata.fr\/#organization"},"potentialAction":[{"@type":"SearchAction","target":{"@type":"EntryPoint","urlTemplate":"https:\/\/www.apidata.fr\/?s={search_term_string}"},"query-input":"required name=search_term_string"}],"inLanguage":"fr-FR"},{"@type":"Organization","@id":"https:\/\/www.apidata.fr\/#organization","name":"Apidata","url":"https:\/\/www.apidata.fr\/","logo":{"@type":"ImageObject","inLanguage":"fr-FR","@id":"https:\/\/www.apidata.fr\/#\/schema\/logo\/image\/","url":"https:\/\/www.apidata.fr\/wp-content\/uploads\/2024\/04\/cropped-image-2-1.png","contentUrl":"https:\/\/www.apidata.fr\/wp-content\/uploads\/2024\/04\/cropped-image-2-1.png","width":1040,"height":172,"caption":"Apidata"},"image":{"@id":"https:\/\/www.apidata.fr\/#\/schema\/logo\/image\/"}},{"@type":"Person","@id":"https:\/\/www.apidata.fr\/#\/schema\/person\/b558049cdfb36538d200d7e975c8b787","name":"admin","image":{"@type":"ImageObject","inLanguage":"fr-FR","@id":"https:\/\/www.apidata.fr\/#\/schema\/person\/image\/","url":"https:\/\/secure.gravatar.com\/avatar\/b024504afcbc7faa8b140babf09f4c1b?s=96&d=mm&r=g","contentUrl":"https:\/\/secure.gravatar.com\/avatar\/b024504afcbc7faa8b140babf09f4c1b?s=96&d=mm&r=g","caption":"admin"},"sameAs":["http:\/\/10.1.10.27\/wordpress"],"url":"https:\/\/www.apidata.fr\/index.php\/author\/admin\/"}]}},"_links":{"self":[{"href":"https:\/\/www.apidata.fr\/index.php\/wp-json\/wp\/v2\/posts\/434"}],"collection":[{"href":"https:\/\/www.apidata.fr\/index.php\/wp-json\/wp\/v2\/posts"}],"about":[{"href":"https:\/\/www.apidata.fr\/index.php\/wp-json\/wp\/v2\/types\/post"}],"author":[{"embeddable":true,"href":"https:\/\/www.apidata.fr\/index.php\/wp-json\/wp\/v2\/users\/1"}],"replies":[{"embeddable":true,"href":"https:\/\/www.apidata.fr\/index.php\/wp-json\/wp\/v2\/comments?post=434"}],"version-history":[{"count":9,"href":"https:\/\/www.apidata.fr\/index.php\/wp-json\/wp\/v2\/posts\/434\/revisions"}],"predecessor-version":[{"id":2505,"href":"https:\/\/www.apidata.fr\/index.php\/wp-json\/wp\/v2\/posts\/434\/revisions\/2505"}],"wp:featuredmedia":[{"embeddable":true,"href":"https:\/\/www.apidata.fr\/index.php\/wp-json\/wp\/v2\/media\/1579"}],"wp:attachment":[{"href":"https:\/\/www.apidata.fr\/index.php\/wp-json\/wp\/v2\/media?parent=434"}],"wp:term":[{"taxonomy":"category","embeddable":true,"href":"https:\/\/www.apidata.fr\/index.php\/wp-json\/wp\/v2\/categories?post=434"},{"taxonomy":"post_tag","embeddable":true,"href":"https:\/\/www.apidata.fr\/index.php\/wp-json\/wp\/v2\/tags?post=434"}],"curies":[{"name":"wp","href":"https:\/\/api.w.org\/{rel}","templated":true}]}}